{"id":3233,"date":"2020-12-15T14:35:12","date_gmt":"2020-12-15T13:35:12","guid":{"rendered":"https:\/\/www.lesmachines-nantes.fr\/?p=3233"},"modified":"2020-12-15T14:35:12","modified_gmt":"2020-12-15T13:35:12","slug":"waehrend-der-weihnachtsferien","status":"publish","type":"post","link":"https:\/\/www.lesmachines-nantes.fr\/de\/waehrend-der-weihnachtsferien\/","title":{"rendered":"W\u00e4hrend der Weihnachtsferien"},"content":{"rendered":"<p>Aufgrund der letzten Regierungsank\u00fcndigungen bleiben die Machines de l\u2019\u00eele w\u00e4hrend der Weihnachtsferien geschlossen.<\/p>\n<p><strong>Der Grand El\u00e9phant<\/strong> wird, vom 19. bis 31 Dezember (au\u00dfer am 25.), t\u00e4glich erwachen und seine Spazierg\u00e4nge unternehmen, allerdings ohne Passagiere an Bord.<\/p>\n<p><strong>Le Man\u00e8ge d&#8217;Andrea<\/strong> ist, zur Freude von Gro\u00df und Klein, w\u00e4hrend der Weihnachtsferien unter den Werfthallen zu finden.<\/p>\n<p><strong>Die Boutique<\/strong> ist bis 31. Dezember ge\u00f6ffnet:<\/p>\n<ul>\n<li>\u00a011 \u2013 18 Uhr (bis 17 Uhr am 24. und 31. Dezember, geschlossen am 25.)\n<p>Und wie jedes Jahr ist k\u00f6nnen Sie den weihnachtlichen Lichterglanz um und unter den Werfthallen bewundern!<\/li>\n<\/ul>\n","protected":false},"excerpt":{"rendered":"<p>Aufgrund der letzten Regierungsank\u00fcndigungen bleiben die Machines de l\u2019\u00eele w\u00e4hrend der Weihnachtsferien geschlossen. Der Grand El\u00e9phant wird, vom 19. bis 31 Dezember (au\u00dfer am 25.), t\u00e4glich erwachen und seine Spazierg\u00e4nge unternehmen, allerdings ohne Passagiere an Bord. Le Man\u00e8ge d&#8217;Andrea ist, zur Freude von Gro\u00df und Klein, w\u00e4hrend der Weihnachtsferien unter den Werfthallen zu finden. Die &hellip; <\/p>\n<p class=\"link-more\"><a href=\"https:\/\/www.lesmachines-nantes.fr\/de\/waehrend-der-weihnachtsferien\/\" class=\"more-link\">Continue reading<span class=\"screen-reader-text\"> &#8222;W\u00e4hrend der Weihnachtsferien&#8220;<\/span><\/a><\/p>\n","protected":false},"author":11,"featured_media":3213,"comment_status":"closed","ping_status":"closed","sticky":false,"template":"","format":"standard","meta":{"_acf_changed":false,"footnotes":""},"categories":[1],"tags":[],"class_list":["post-3233","post","type-post","status-publish","format-standard","has-post-thumbnail","hentry","category-non-classifiee"],"acf":[],"yoast_head":"<!-- This site is optimized with the Yoast SEO plugin v26.5 - https:\/\/yoast.com\/wordpress\/plugins\/seo\/ -->\n<title>W\u00e4hrend der Weihnachtsferien - Aktuelles Les Machines de l\u2019\u00cele<\/title>\n<meta name=\"robots\" content=\"index, follow, max-snippet:-1, max-image-preview:large, max-video-preview:-1\" \/>\n<link rel=\"canonical\" href=\"https:\/\/www.lesmachines-nantes.fr\/de\/waehrend-der-weihnachtsferien\/\" \/>\n<meta property=\"og:locale\" content=\"de_DE\" \/>\n<meta property=\"og:type\" content=\"article\" \/>\n<meta property=\"og:title\" content=\"W\u00e4hrend der Weihnachtsferien - Aktuelles Les Machines de l\u2019\u00cele\" \/>\n<meta property=\"og:description\" content=\"Aufgrund der letzten Regierungsank\u00fcndigungen bleiben die Machines de l\u2019\u00eele w\u00e4hrend der Weihnachtsferien geschlossen. Der Grand El\u00e9phant wird, vom 19. bis 31 Dezember (au\u00dfer am 25.), t\u00e4glich erwachen und seine Spazierg\u00e4nge unternehmen, allerdings ohne Passagiere an Bord. Le Man\u00e8ge d&#8217;Andrea ist, zur Freude von Gro\u00df und Klein, w\u00e4hrend der Weihnachtsferien unter den Werfthallen zu finden. Die &hellip; Continue reading &quot;W\u00e4hrend der Weihnachtsferien&quot;\" \/>\n<meta property=\"og:url\" content=\"https:\/\/www.lesmachines-nantes.fr\/de\/waehrend-der-weihnachtsferien\/\" \/>\n<meta property=\"og:site_name\" content=\"Les Machines de l\u2019\u00cele\" \/>\n<meta property=\"article:publisher\" content=\"https:\/\/www.facebook.com\/machinesnantes\" \/>\n<meta property=\"article:published_time\" content=\"2020-12-15T13:35:12+00:00\" \/>\n<meta property=\"og:image\" content=\"https:\/\/www.lesmachines-nantes.fr\/wp-content\/uploads\/2020\/12\/noel2020.jpg\" \/>\n\t<meta property=\"og:image:width\" content=\"1000\" \/>\n\t<meta property=\"og:image:height\" content=\"620\" \/>\n\t<meta property=\"og:image:type\" content=\"image\/jpeg\" \/>\n<meta name=\"author\" content=\"nvaraschin\" \/>\n<meta name=\"twitter:card\" content=\"summary_large_image\" \/>\n<meta name=\"twitter:label1\" content=\"Verfasst von\" \/>\n\t<meta name=\"twitter:data1\" content=\"nvaraschin\" \/>\n<script type=\"application\/ld+json\" class=\"yoast-schema-graph\">{\"@context\":\"https:\/\/schema.org\",\"@graph\":[{\"@type\":\"Article\",\"@id\":\"https:\/\/www.lesmachines-nantes.fr\/de\/waehrend-der-weihnachtsferien\/#article\",\"isPartOf\":{\"@id\":\"https:\/\/www.lesmachines-nantes.fr\/de\/waehrend-der-weihnachtsferien\/\"},\"author\":{\"name\":\"nvaraschin\",\"@id\":\"https:\/\/www.lesmachines-nantes.fr\/#\/schema\/person\/12e720f2b300be3854a4cd93855213f9\"},\"headline\":\"W\u00e4hrend der Weihnachtsferien\",\"datePublished\":\"2020-12-15T13:35:12+00:00\",\"mainEntityOfPage\":{\"@id\":\"https:\/\/www.lesmachines-nantes.fr\/de\/waehrend-der-weihnachtsferien\/\"},\"wordCount\":96,\"publisher\":{\"@id\":\"https:\/\/www.lesmachines-nantes.fr\/#organization\"},\"image\":{\"@id\":\"https:\/\/www.lesmachines-nantes.fr\/de\/waehrend-der-weihnachtsferien\/#primaryimage\"},\"thumbnailUrl\":\"https:\/\/www.lesmachines-nantes.fr\/wp-content\/uploads\/2020\/12\/noel2020.jpg\",\"articleSection\":[\"Non classifi\u00e9(e)\"],\"inLanguage\":\"de\"},{\"@type\":\"WebPage\",\"@id\":\"https:\/\/www.lesmachines-nantes.fr\/de\/waehrend-der-weihnachtsferien\/\",\"url\":\"https:\/\/www.lesmachines-nantes.fr\/de\/waehrend-der-weihnachtsferien\/\",\"name\":\"W\u00e4hrend der Weihnachtsferien - Aktuelles Les Machines de l\u2019\u00cele\",\"isPartOf\":{\"@id\":\"https:\/\/www.lesmachines-nantes.fr\/#website\"},\"primaryImageOfPage\":{\"@id\":\"https:\/\/www.lesmachines-nantes.fr\/de\/waehrend-der-weihnachtsferien\/#primaryimage\"},\"image\":{\"@id\":\"https:\/\/www.lesmachines-nantes.fr\/de\/waehrend-der-weihnachtsferien\/#primaryimage\"},\"thumbnailUrl\":\"https:\/\/www.lesmachines-nantes.fr\/wp-content\/uploads\/2020\/12\/noel2020.jpg\",\"datePublished\":\"2020-12-15T13:35:12+00:00\",\"breadcrumb\":{\"@id\":\"https:\/\/www.lesmachines-nantes.fr\/de\/waehrend-der-weihnachtsferien\/#breadcrumb\"},\"inLanguage\":\"de\",\"potentialAction\":[{\"@type\":\"ReadAction\",\"target\":[\"https:\/\/www.lesmachines-nantes.fr\/de\/waehrend-der-weihnachtsferien\/\"]}]},{\"@type\":\"ImageObject\",\"inLanguage\":\"de\",\"@id\":\"https:\/\/www.lesmachines-nantes.fr\/de\/waehrend-der-weihnachtsferien\/#primaryimage\",\"url\":\"https:\/\/www.lesmachines-nantes.fr\/wp-content\/uploads\/2020\/12\/noel2020.jpg\",\"contentUrl\":\"https:\/\/www.lesmachines-nantes.fr\/wp-content\/uploads\/2020\/12\/noel2020.jpg\",\"width\":1000,\"height\":620},{\"@type\":\"BreadcrumbList\",\"@id\":\"https:\/\/www.lesmachines-nantes.fr\/de\/waehrend-der-weihnachtsferien\/#breadcrumb\",\"itemListElement\":[{\"@type\":\"ListItem\",\"position\":1,\"name\":\"Accueil\",\"item\":\"https:\/\/www.lesmachines-nantes.fr\/de\/\"},{\"@type\":\"ListItem\",\"position\":2,\"name\":\"W\u00e4hrend der Weihnachtsferien\"}]},{\"@type\":\"WebSite\",\"@id\":\"https:\/\/www.lesmachines-nantes.fr\/#website\",\"url\":\"https:\/\/www.lesmachines-nantes.fr\/\",\"name\":\"Les Machines de l\u2019\u00cele\",\"description\":\"\",\"publisher\":{\"@id\":\"https:\/\/www.lesmachines-nantes.fr\/#organization\"},\"potentialAction\":[{\"@type\":\"SearchAction\",\"target\":{\"@type\":\"EntryPoint\",\"urlTemplate\":\"https:\/\/www.lesmachines-nantes.fr\/?s={search_term_string}\"},\"query-input\":{\"@type\":\"PropertyValueSpecification\",\"valueRequired\":true,\"valueName\":\"search_term_string\"}}],\"inLanguage\":\"de\"},{\"@type\":\"Organization\",\"@id\":\"https:\/\/www.lesmachines-nantes.fr\/#organization\",\"name\":\"Les Machines de l'\u00cele\",\"url\":\"https:\/\/www.lesmachines-nantes.fr\/\",\"logo\":{\"@type\":\"ImageObject\",\"inLanguage\":\"de\",\"@id\":\"https:\/\/www.lesmachines-nantes.fr\/#\/schema\/logo\/image\/\",\"url\":\"https:\/\/www.lesmachines-nantes.fr\/wp-content\/uploads\/2024\/10\/icon_black_les_machines_de_l_ile.svg\",\"contentUrl\":\"https:\/\/www.lesmachines-nantes.fr\/wp-content\/uploads\/2024\/10\/icon_black_les_machines_de_l_ile.svg\",\"width\":1,\"height\":1,\"caption\":\"Les Machines de l'\u00cele\"},\"image\":{\"@id\":\"https:\/\/www.lesmachines-nantes.fr\/#\/schema\/logo\/image\/\"},\"sameAs\":[\"https:\/\/www.facebook.com\/machinesnantes\",\"https:\/\/www.instagram.com\/lesmachinesntes\"]},{\"@type\":\"Person\",\"@id\":\"https:\/\/www.lesmachines-nantes.fr\/#\/schema\/person\/12e720f2b300be3854a4cd93855213f9\",\"name\":\"nvaraschin\"}]}<\/script>\n<!-- \/ Yoast SEO plugin. -->","yoast_head_json":{"title":"W\u00e4hrend der Weihnachtsferien - Aktuelles Les Machines de l\u2019\u00cele","robots":{"index":"index","follow":"follow","max-snippet":"max-snippet:-1","max-image-preview":"max-image-preview:large","max-video-preview":"max-video-preview:-1"},"canonical":"https:\/\/www.lesmachines-nantes.fr\/de\/waehrend-der-weihnachtsferien\/","og_locale":"de_DE","og_type":"article","og_title":"W\u00e4hrend der Weihnachtsferien - Aktuelles Les Machines de l\u2019\u00cele","og_description":"Aufgrund der letzten Regierungsank\u00fcndigungen bleiben die Machines de l\u2019\u00eele w\u00e4hrend der Weihnachtsferien geschlossen. Der Grand El\u00e9phant wird, vom 19. bis 31 Dezember (au\u00dfer am 25.), t\u00e4glich erwachen und seine Spazierg\u00e4nge unternehmen, allerdings ohne Passagiere an Bord. Le Man\u00e8ge d&#8217;Andrea ist, zur Freude von Gro\u00df und Klein, w\u00e4hrend der Weihnachtsferien unter den Werfthallen zu finden. Die &hellip; Continue reading \"W\u00e4hrend der Weihnachtsferien\"","og_url":"https:\/\/www.lesmachines-nantes.fr\/de\/waehrend-der-weihnachtsferien\/","og_site_name":"Les Machines de l\u2019\u00cele","article_publisher":"https:\/\/www.facebook.com\/machinesnantes","article_published_time":"2020-12-15T13:35:12+00:00","og_image":[{"width":1000,"height":620,"url":"https:\/\/www.lesmachines-nantes.fr\/wp-content\/uploads\/2020\/12\/noel2020.jpg","type":"image\/jpeg"}],"author":"nvaraschin","twitter_card":"summary_large_image","twitter_misc":{"Verfasst von":"nvaraschin"},"schema":{"@context":"https:\/\/schema.org","@graph":[{"@type":"Article","@id":"https:\/\/www.lesmachines-nantes.fr\/de\/waehrend-der-weihnachtsferien\/#article","isPartOf":{"@id":"https:\/\/www.lesmachines-nantes.fr\/de\/waehrend-der-weihnachtsferien\/"},"author":{"name":"nvaraschin","@id":"https:\/\/www.lesmachines-nantes.fr\/#\/schema\/person\/12e720f2b300be3854a4cd93855213f9"},"headline":"W\u00e4hrend der Weihnachtsferien","datePublished":"2020-12-15T13:35:12+00:00","mainEntityOfPage":{"@id":"https:\/\/www.lesmachines-nantes.fr\/de\/waehrend-der-weihnachtsferien\/"},"wordCount":96,"publisher":{"@id":"https:\/\/www.lesmachines-nantes.fr\/#organization"},"image":{"@id":"https:\/\/www.lesmachines-nantes.fr\/de\/waehrend-der-weihnachtsferien\/#primaryimage"},"thumbnailUrl":"https:\/\/www.lesmachines-nantes.fr\/wp-content\/uploads\/2020\/12\/noel2020.jpg","articleSection":["Non classifi\u00e9(e)"],"inLanguage":"de"},{"@type":"WebPage","@id":"https:\/\/www.lesmachines-nantes.fr\/de\/waehrend-der-weihnachtsferien\/","url":"https:\/\/www.lesmachines-nantes.fr\/de\/waehrend-der-weihnachtsferien\/","name":"W\u00e4hrend der Weihnachtsferien - Aktuelles Les Machines de l\u2019\u00cele","isPartOf":{"@id":"https:\/\/www.lesmachines-nantes.fr\/#website"},"primaryImageOfPage":{"@id":"https:\/\/www.lesmachines-nantes.fr\/de\/waehrend-der-weihnachtsferien\/#primaryimage"},"image":{"@id":"https:\/\/www.lesmachines-nantes.fr\/de\/waehrend-der-weihnachtsferien\/#primaryimage"},"thumbnailUrl":"https:\/\/www.lesmachines-nantes.fr\/wp-content\/uploads\/2020\/12\/noel2020.jpg","datePublished":"2020-12-15T13:35:12+00:00","breadcrumb":{"@id":"https:\/\/www.lesmachines-nantes.fr\/de\/waehrend-der-weihnachtsferien\/#breadcrumb"},"inLanguage":"de","potentialAction":[{"@type":"ReadAction","target":["https:\/\/www.lesmachines-nantes.fr\/de\/waehrend-der-weihnachtsferien\/"]}]},{"@type":"ImageObject","inLanguage":"de","@id":"https:\/\/www.lesmachines-nantes.fr\/de\/waehrend-der-weihnachtsferien\/#primaryimage","url":"https:\/\/www.lesmachines-nantes.fr\/wp-content\/uploads\/2020\/12\/noel2020.jpg","contentUrl":"https:\/\/www.lesmachines-nantes.fr\/wp-content\/uploads\/2020\/12\/noel2020.jpg","width":1000,"height":620},{"@type":"BreadcrumbList","@id":"https:\/\/www.lesmachines-nantes.fr\/de\/waehrend-der-weihnachtsferien\/#breadcrumb","itemListElement":[{"@type":"ListItem","position":1,"name":"Accueil","item":"https:\/\/www.lesmachines-nantes.fr\/de\/"},{"@type":"ListItem","position":2,"name":"W\u00e4hrend der Weihnachtsferien"}]},{"@type":"WebSite","@id":"https:\/\/www.lesmachines-nantes.fr\/#website","url":"https:\/\/www.lesmachines-nantes.fr\/","name":"Les Machines de l\u2019\u00cele","description":"","publisher":{"@id":"https:\/\/www.lesmachines-nantes.fr\/#organization"},"potentialAction":[{"@type":"SearchAction","target":{"@type":"EntryPoint","urlTemplate":"https:\/\/www.lesmachines-nantes.fr\/?s={search_term_string}"},"query-input":{"@type":"PropertyValueSpecification","valueRequired":true,"valueName":"search_term_string"}}],"inLanguage":"de"},{"@type":"Organization","@id":"https:\/\/www.lesmachines-nantes.fr\/#organization","name":"Les Machines de l'\u00cele","url":"https:\/\/www.lesmachines-nantes.fr\/","logo":{"@type":"ImageObject","inLanguage":"de","@id":"https:\/\/www.lesmachines-nantes.fr\/#\/schema\/logo\/image\/","url":"https:\/\/www.lesmachines-nantes.fr\/wp-content\/uploads\/2024\/10\/icon_black_les_machines_de_l_ile.svg","contentUrl":"https:\/\/www.lesmachines-nantes.fr\/wp-content\/uploads\/2024\/10\/icon_black_les_machines_de_l_ile.svg","width":1,"height":1,"caption":"Les Machines de l'\u00cele"},"image":{"@id":"https:\/\/www.lesmachines-nantes.fr\/#\/schema\/logo\/image\/"},"sameAs":["https:\/\/www.facebook.com\/machinesnantes","https:\/\/www.instagram.com\/lesmachinesntes"]},{"@type":"Person","@id":"https:\/\/www.lesmachines-nantes.fr\/#\/schema\/person\/12e720f2b300be3854a4cd93855213f9","name":"nvaraschin"}]}},"_links":{"self":[{"href":"https:\/\/www.lesmachines-nantes.fr\/de\/wp-json\/wp\/v2\/posts\/3233","targetHints":{"allow":["GET"]}}],"collection":[{"href":"https:\/\/www.lesmachines-nantes.fr\/de\/wp-json\/wp\/v2\/posts"}],"about":[{"href":"https:\/\/www.lesmachines-nantes.fr\/de\/wp-json\/wp\/v2\/types\/post"}],"author":[{"embeddable":true,"href":"https:\/\/www.lesmachines-nantes.fr\/de\/wp-json\/wp\/v2\/users\/11"}],"replies":[{"embeddable":true,"href":"https:\/\/www.lesmachines-nantes.fr\/de\/wp-json\/wp\/v2\/comments?post=3233"}],"version-history":[{"count":0,"href":"https:\/\/www.lesmachines-nantes.fr\/de\/wp-json\/wp\/v2\/posts\/3233\/revisions"}],"wp:featuredmedia":[{"embeddable":true,"href":"https:\/\/www.lesmachines-nantes.fr\/de\/wp-json\/wp\/v2\/media\/3213"}],"wp:attachment":[{"href":"https:\/\/www.lesmachines-nantes.fr\/de\/wp-json\/wp\/v2\/media?parent=3233"}],"wp:term":[{"taxonomy":"category","embeddable":true,"href":"https:\/\/www.lesmachines-nantes.fr\/de\/wp-json\/wp\/v2\/categories?post=3233"},{"taxonomy":"post_tag","embeddable":true,"href":"https:\/\/www.lesmachines-nantes.fr\/de\/wp-json\/wp\/v2\/tags?post=3233"}],"curies":[{"name":"wp","href":"https:\/\/api.w.org\/{rel}","templated":true}]}}